{"id":979,"date":"2025-08-22T10:53:00","date_gmt":"2025-08-22T13:53:00","guid":{"rendered":"https:\/\/www.alfasense.com.br\/?p=979"},"modified":"2025-11-11T11:18:19","modified_gmt":"2025-11-11T14:18:19","slug":"alfa-sense-estreia-nova-marca-e-leva-a-intersolar-linha-de-defesa-perimetral-para-o-setor","status":"publish","type":"post","link":"https:\/\/www.alfasense.com.br\/en\/alfa-sense-estreia-nova-marca-e-leva-a-intersolar-linha-de-defesa-perimetral-para-o-setor\/","title":{"rendered":"A\\SENSE estreia nova marca e leva \u00e0 Intersolar linha de defesa perimetral para o setor"},"content":{"rendered":"<figure class=\"wp-block-image size-large\"><img decoding=\"async\" width=\"1024\" height=\"534\" src=\"https:\/\/www.alfasense.com.br\/wp-content\/uploads\/2025\/11\/Alfa-Sense-estreia-nova-marca-e-leva-a-Intersolar-linha-de-defesa-perimetral-para-o-setor-1024x534.jpg\" alt=\"\" class=\"wp-image-980\" srcset=\"https:\/\/www.alfasense.com.br\/wp-content\/uploads\/2025\/11\/Alfa-Sense-estreia-nova-marca-e-leva-a-Intersolar-linha-de-defesa-perimetral-para-o-setor-1024x534.jpg 1024w, https:\/\/www.alfasense.com.br\/wp-content\/uploads\/2025\/11\/Alfa-Sense-estreia-nova-marca-e-leva-a-Intersolar-linha-de-defesa-perimetral-para-o-setor-300x156.jpg 300w, https:\/\/www.alfasense.com.br\/wp-content\/uploads\/2025\/11\/Alfa-Sense-estreia-nova-marca-e-leva-a-Intersolar-linha-de-defesa-perimetral-para-o-setor-768x400.jpg 768w, https:\/\/www.alfasense.com.br\/wp-content\/uploads\/2025\/11\/Alfa-Sense-estreia-nova-marca-e-leva-a-Intersolar-linha-de-defesa-perimetral-para-o-setor.jpg 1439w\" sizes=\"(max-width: 1024px) 100vw, 1024px\" \/><\/figure>\n\n\n\n<p><em>Ap\u00f3s rebranding, empresa aposta em ativa\u00e7\u00f5es interativas durante o evento e prop\u00f5e o famoso \u2018Per\u00edmetro Experience\u2019 com testes pr\u00e1ticos de suas tecnologias<\/em><\/p>\n\n\n\n<p>A\u00a0A\\SENSE, empresa nacional refer\u00eancia em defesa perimetral com sensoriamento \u00f3ptico, estar\u00e1 na\u00a0Intersolar South America\u00a02025, a maior feira &amp; congresso da Am\u00e9rica Latina para o setor. A feira acontece de 26 a 28 de agosto, no Expo Center Norte, em S\u00e3o Paulo. Nesta edi\u00e7\u00e3o, a empresa traz uma s\u00e9rie de novidades para os visitantes, como o lan\u00e7amento da nova marca, o \u2018Per\u00edmetro Experience\u2019\u00a0e a demonstra\u00e7\u00e3o na pr\u00e1tica de suas tecnologias.<\/p>\n\n\n\n<p>Localizada no\u00a0Pavilh\u00e3o Vermelho da ala Eletrotec \/ EM-Power South America, no\u00a0estande 5.39, a\u00a0A\\SENSE\u00a0ir\u00e1 apresentar o\u00a0Fence Lite\u00a0(que protege at\u00e9 4km de per\u00edmetro) e o\u00a0Fence Smart\u00a0(que protege at\u00e9 20km de per\u00edmetro). As solu\u00e7\u00f5es monitoram de forma ininterrupta e detectam de forma precisa e proativa, tentativas de invas\u00f5es em usinas fotovoltaicas terrestres e flutuantes\u00a0(UFV e UFF)\u00a0com alto grau de assertividade.<\/p>\n\n\n\n<p>A solu\u00e7\u00e3o da empresa que combina intelig\u00eancia e tecnologia para antecipar riscos, j\u00e1 est\u00e1 aplicada em dezenas de usinas fotovoltaicas, proporciona em campo uma pronta resposta e contribui diretamente para a redu\u00e7\u00e3o de custos operacionais.<\/p>\n\n\n\n<p>Hamilton Luiz, CEO da A\\SENSE, comenta que os seus sistemas de defesa v\u00e3o al\u00e9m da seguran\u00e7a para UFVs e UFFs. \u201cEntregamos intelig\u00eancia computacional. Atrav\u00e9s de algoritmos inteligentes de alta precis\u00e3o, analisamos dados em tempo real com respostas imediatas e assertivas\u201d, comentou.<\/p>\n\n\n\n<p>O executivo destaca que os sistemas de defesa s\u00e3o capazes de identificar padr\u00f5es ocultos, prever comportamentos suspeitos e eliminar vulnerabilidades&nbsp;antes&nbsp;que se transformem em amea\u00e7as concretas.<\/p>\n\n\n\n<p>Al\u00e9m disso, integram-se de forma nativa com os melhores VMS do mercado e diferentes camadas de tecnologia, como CFTV, sirenes, holofotes, drones de monitoramento, entre outros, para uma pronta resposta imediata.&nbsp;Criando um ecossistema de defesa integrado.<\/p>\n\n\n\n<p>\u201cCom a fibra \u00f3ptica como base de conectividade, garantimos&nbsp;com seguran\u00e7a&nbsp;alta velocidade na transmiss\u00e3o de grandes volumes de dados, baixa lat\u00eancia e imunidade a interfer\u00eancias eletromagn\u00e9ticas. Isso torna nossa tecnologia mais eficiente, confi\u00e1vel e escal\u00e1vel. Mais do que detectar riscos, entregamos uma&nbsp;tecnologia&nbsp;de defesa perimetral, que aprende continuamente, aumenta a resili\u00eancia operacional e d\u00e1 ao gestor a capacidade de tomar decis\u00f5es estrat\u00e9gicas baseadas em dados\u201d, refor\u00e7ou Hamilton.<\/p>\n\n\n\n<h2 class=\"wp-block-heading\"><strong>Lan\u00e7amento da marca, ativa\u00e7\u00f5es e apresenta\u00e7\u00f5es<\/strong><\/h2>\n\n\n\n<p>Durante a feira, a A\\SENSE, agora A\\SENSE, ir\u00e1 lan\u00e7ar a sua marca, ap\u00f3s um rebranding. Para esse novo momento da empresa, o\u00a0<em>\u2018Per\u00edmetro Experience\u2019 \u2013<\/em>\u00a0ir\u00e1 permitir que os visitantes tentem invadir efetivamente uma \u00e1rea demarcada com a solu\u00e7\u00e3o ativada e colocar as m\u00e3os num diamante representativo dentro do per\u00edmetro \u2013 testando na pr\u00e1tica a seguran\u00e7a da tecnologia aplicada.<\/p>\n\n\n\n<p>\u201cSer\u00e3o tr\u00eas dias de diversas ativa\u00e7\u00f5es, apresenta\u00e7\u00f5es e muito networking. Tudo com o prop\u00f3sito central de mostrarmos na pr\u00e1tica o quanto o nosso sistema de defesa perimetral agrega ao setor solar. Na A\\SENSE desenvolvemos solu\u00e7\u00f5es que detectam antes, reagem com intelig\u00eancia e mant\u00eam o ativo de alto valor dos clientes protegido. Afinal, defesa n\u00e3o \u00e9 s\u00f3 vigil\u00e2ncia, \u00e9 estrat\u00e9gia\u201d, finalizou Hamilton. \u00a0<\/p>\n\n\n\n<p><em>Fonte: <a href=\"https:\/\/revistasegurancaeletronica.com.br\/alfa-sense-estreia-nova-marca-leva-intersolar-linha-defesa-perimetral-setor\/\">https:\/\/revistasegurancaeletronica.com.br\/alfa-sense-estreia-nova-marca-leva-intersolar-linha-defesa-perimetral-setor\/<\/a><\/em><\/p>","protected":false},"excerpt":{"rendered":"<p>Ap\u00f3s rebranding, empresa aposta em ativa\u00e7\u00f5es interativas durante o evento e [&hellip;]<\/p>\n","protected":false},"author":6,"featured_media":980,"comment_status":"closed","ping_status":"open","sticky":false,"template":"","format":"standard","meta":{"_acf_changed":false,"footnotes":""},"categories":[108],"tags":[122,124,125,126],"class_list":["post-979","post","type-post","status-publish","format-standard","has-post-thumbnail","hentry","category-eventos","tag-seguranca","tag-protecao-perimetral","tag-seguranca-perimetral","tag-eventos"],"acf":[],"_links":{"self":[{"href":"https:\/\/www.alfasense.com.br\/en\/wp-json\/wp\/v2\/posts\/979","targetHints":{"allow":["GET"]}}],"collection":[{"href":"https:\/\/www.alfasense.com.br\/en\/wp-json\/wp\/v2\/posts"}],"about":[{"href":"https:\/\/www.alfasense.com.br\/en\/wp-json\/wp\/v2\/types\/post"}],"author":[{"embeddable":true,"href":"https:\/\/www.alfasense.com.br\/en\/wp-json\/wp\/v2\/users\/6"}],"replies":[{"embeddable":true,"href":"https:\/\/www.alfasense.com.br\/en\/wp-json\/wp\/v2\/comments?post=979"}],"version-history":[{"count":3,"href":"https:\/\/www.alfasense.com.br\/en\/wp-json\/wp\/v2\/posts\/979\/revisions"}],"predecessor-version":[{"id":1055,"href":"https:\/\/www.alfasense.com.br\/en\/wp-json\/wp\/v2\/posts\/979\/revisions\/1055"}],"wp:featuredmedia":[{"embeddable":true,"href":"https:\/\/www.alfasense.com.br\/en\/wp-json\/wp\/v2\/media\/980"}],"wp:attachment":[{"href":"https:\/\/www.alfasense.com.br\/en\/wp-json\/wp\/v2\/media?parent=979"}],"wp:term":[{"taxonomy":"category","embeddable":true,"href":"https:\/\/www.alfasense.com.br\/en\/wp-json\/wp\/v2\/categories?post=979"},{"taxonomy":"post_tag","embeddable":true,"href":"https:\/\/www.alfasense.com.br\/en\/wp-json\/wp\/v2\/tags?post=979"}],"curies":[{"name":"wp","href":"https:\/\/api.w.org\/{rel}","templated":true}]}}