{"id":727,"date":"2025-10-03T10:07:00","date_gmt":"2025-10-03T13:07:00","guid":{"rendered":"https:\/\/www.alfasense.com.br\/?p=727"},"modified":"2025-11-11T11:18:10","modified_gmt":"2025-11-11T14:18:10","slug":"asense-e-patrocinadora-black-do-2o-simposio-de-seguranca-e-inteligencia-institucional-da-equatorial-energia","status":"publish","type":"post","link":"https:\/\/www.alfasense.com.br\/en\/asense-e-patrocinadora-black-do-2o-simposio-de-seguranca-e-inteligencia-institucional-da-equatorial-energia\/","title":{"rendered":"A\\SENSE \u00e9 Patrocinadora Black do 2\u00ba Simp\u00f3sio de Seguran\u00e7a e Intelig\u00eancia Institucional da Equatorial Energia"},"content":{"rendered":"<figure class=\"wp-block-image size-full\"><img decoding=\"async\" width=\"640\" height=\"396\" src=\"https:\/\/www.alfasense.com.br\/wp-content\/uploads\/2025\/06\/WhatsApp-Image-2025-10-02-at-10.52.05-2-.jpg\" alt=\"\" class=\"wp-image-966\" srcset=\"https:\/\/www.alfasense.com.br\/wp-content\/uploads\/2025\/06\/WhatsApp-Image-2025-10-02-at-10.52.05-2-.jpg 640w, https:\/\/www.alfasense.com.br\/wp-content\/uploads\/2025\/06\/WhatsApp-Image-2025-10-02-at-10.52.05-2--300x186.jpg 300w\" sizes=\"(max-width: 640px) 100vw, 640px\" \/><figcaption class=\"wp-element-caption\"><em>Hermes Soler \/ A\\SENSE<\/em><\/figcaption><\/figure>\n\n\n\n<p><em>Durante o evento, a empresa ir\u00e1 permitir aos visitantes, testar na pr\u00e1tica suas solu\u00e7\u00f5es, por meio do &#8216;Totem Experience&#8217; que simula a aplica\u00e7\u00e3o da tecnologia em diferentes tipos de per\u00edmetros.<\/em><\/p>\n\n\n\n<p>A\u00a0<strong>A\\SENSE<\/strong>, refer\u00eancia nacional em defesa perimetral com sensoriamento \u00f3ptico, vai participar como Patrocinadora Black do 2\u00ba Simp\u00f3sio de Seguran\u00e7a e Intelig\u00eancia Institucional, promovido pela Equatorial Energia em S\u00e3o Lu\u00eds, Maranh\u00e3o. O evento, com foco no setor de energia, acontecer\u00e1 no dia 09 de outubro de 2025.<\/p>\n\n\n\n<p>Como expositora, a empresa apresentar\u00e1 suas solu\u00e7\u00f5es completas para defesa perimetral, que monitoram de forma ininterrupta e detectam de forma precisa e proativa, tentativas de invas\u00f5es com alto grau de assertividade. Destacando a relev\u00e2ncia de suas solu\u00e7\u00f5es para a infraestrutura cr\u00edtica do segmento de energia.<\/p>\n\n\n\n<figure class=\"wp-block-image size-full\"><img decoding=\"async\" width=\"400\" height=\"266\" src=\"https:\/\/www.alfasense.com.br\/wp-content\/uploads\/2025\/06\/WhatsApp-Image-2025-10-02-at-10.52.05.jpg\" alt=\"\" class=\"wp-image-968\" srcset=\"https:\/\/www.alfasense.com.br\/wp-content\/uploads\/2025\/06\/WhatsApp-Image-2025-10-02-at-10.52.05.jpg 400w, https:\/\/www.alfasense.com.br\/wp-content\/uploads\/2025\/06\/WhatsApp-Image-2025-10-02-at-10.52.05-300x200.jpg 300w\" sizes=\"(max-width: 400px) 100vw, 400px\" \/><figcaption class=\"wp-element-caption\"><em>Hermes Soler \/ A\\SENSE<\/em><\/figcaption><\/figure>\n\n\n\n<p>Para Hamilton Luiz, CEO da\u00a0<strong>A\\SENSE<\/strong>, a parceria com a Equatorial Energia durante o Simp\u00f3sio refor\u00e7a o posicionamento da empresa como refer\u00eancia em solu\u00e7\u00f5es de defesa perimetral para ativos de alto valor. \u201cEstar ao lado de uma companhia estrat\u00e9gica como a Equatorial Energia valida nossa trajet\u00f3ria e demonstra que nossas tecnologias est\u00e3o evoluindo para se tornarem ainda mais eficientes, confi\u00e1veis e escal\u00e1veis\u201d, afirma.<\/p>\n\n\n\n<figure class=\"wp-block-image size-full\"><img decoding=\"async\" width=\"242\" height=\"320\" src=\"https:\/\/www.alfasense.com.br\/wp-content\/uploads\/2025\/06\/WhatsApp-Image-2025-10-02-at-10.52.05-1-.jpg\" alt=\"\" class=\"wp-image-969\" srcset=\"https:\/\/www.alfasense.com.br\/wp-content\/uploads\/2025\/06\/WhatsApp-Image-2025-10-02-at-10.52.05-1-.jpg 242w, https:\/\/www.alfasense.com.br\/wp-content\/uploads\/2025\/06\/WhatsApp-Image-2025-10-02-at-10.52.05-1--227x300.jpg 227w\" sizes=\"(max-width: 242px) 100vw, 242px\" \/><figcaption class=\"wp-element-caption\"><em>Hermes Soler \/ A\\SENSE<\/em><\/figcaption><\/figure>\n\n\n\n<p>Durante o evento, a empresa ir\u00e1 permitir aos visitantes, testar na pr\u00e1tica suas solu\u00e7\u00f5es de defesa perimetral, por meio do&nbsp;<em>\u2018Totem Experience\u2019<\/em>&nbsp;que simula a aplica\u00e7\u00e3o das solu\u00e7\u00f5es em diferentes tipos de per\u00edmetros \u2014 alambrado, gradil e muro.<\/p>\n\n\n\n<p>Segundo Hamilton, a infraestrutura baseada em fibra \u00f3ptica \u00e9 um diferencial cr\u00edtico. \u201cEla garante conectividade segura, com alta velocidade na transmiss\u00e3o de grandes volumes de dados, baixa lat\u00eancia e imunidade a interfer\u00eancias eletromagn\u00e9ticas. Mais do que detectar riscos, entregamos uma tecnologia de defesa perimetral inteligente, que aprende continuamente, fortalece a resili\u00eancia operacional e oferece ao gestor uma base s\u00f3lida para decis\u00f5es estrat\u00e9gicas orientadas por dados\u201d, refor\u00e7ou.<\/p>\n\n\n\n<p>A marca tamb\u00e9m estar\u00e1 presente em todas as pe\u00e7as de divulga\u00e7\u00e3o do evento, incluindo v\u00eddeos promocionais, artes de contagem regressiva e &#8220;Save the Date&#8221;, al\u00e9m de ter sua logo exibida nos cubos decorativos e no tel\u00e3o do audit\u00f3rio. Um v\u00eddeo institucional de um minuto ser\u00e1 veiculado nos intervalos da programa\u00e7\u00e3o, refor\u00e7ando o compromisso da\u00a0<strong>A\\SENSE<\/strong>\u00a0com a seguran\u00e7a do setor.<\/p>\n\n\n\n<p>A participa\u00e7\u00e3o no simp\u00f3sio \u00e9 uma oportunidade estrat\u00e9gica para a A\\SENSE estreitar rela\u00e7\u00f5es com o mercado de energia e demonstrar como suas solu\u00e7\u00f5es podem fortalecer a seguran\u00e7a e a resili\u00eancia das opera\u00e7\u00f5es de grandes empresas como a Equatorial Energia.<\/p>\n\n\n\n<h2 class=\"wp-block-heading\">Sobre a A\\SENSE<\/h2>\n\n\n\n<p>Empresa 100% Brasileira, dedicada \u00e0 pesquisa, desenvolvimento e fabrica\u00e7\u00e3o de sistemas de defesa inovadores baseadas em interferometria e DAS, com um conjunto de hardware, software e tecnologia embarcada de sensoriamento \u00f3ptico e IoT. Venceu seis desafios tecnol\u00f3gicos voltados \u00e0 ind\u00fastria 4.0, Intelig\u00eancia Artificial e Fot\u00f4nica e ganhou cinco pr\u00eamios nacionais de inova\u00e7\u00e3o de repercuss\u00e3o internacional, destes, quatro foram no setor de seguran\u00e7a e um voltado para inova\u00e7\u00e3o no setor de \u00d3leo &amp; G\u00e1s.<\/p>\n\n\n\n<p>Possui um Centro de Pesquisa e Desenvolvimento (P&amp;D), um espa\u00e7o dedicado \u00e0 cria\u00e7\u00e3o de novos sistemas com tecnologia de ponta, com base em testes rigorosos e valida\u00e7\u00f5es em campo. Cada solu\u00e7\u00e3o nasce com o compromisso de entregar a maior excel\u00eancia t\u00e9cnica, inova\u00e7\u00e3o cont\u00ednua com foco em atender as expectativas do mercado. Com presen\u00e7a nos mercados de Seguran\u00e7a Eletr\u00f4nica, Energia, Minera\u00e7\u00e3o e \u00d3leo &amp; G\u00e1s.<\/p>\n\n\n\n<p><em>Fontes: <a href=\"https:\/\/www.issoesaopaulo.com.br\/2025\/10\/asense-e-patrocinadora-black-do-2.html\">https:\/\/www.issoesaopaulo.com.br\/2025\/10\/asense-e-patrocinadora-black-do-2.html<\/a><br><a href=\"https:\/\/www.folhadoplanalto.com.br\/2025\/10\/asense-e-patrocinadora-black-do-2.html\">https:\/\/www.folhadoplanalto.com.br\/2025\/10\/asense-e-patrocinadora-black-do-2.html<\/a><\/em><\/p>","protected":false},"excerpt":{"rendered":"<p>Durante o evento, a empresa ir\u00e1 permitir aos visitantes, testar na [&hellip;]<\/p>\n","protected":false},"author":6,"featured_media":966,"comment_status":"closed","ping_status":"open","sticky":false,"template":"","format":"standard","meta":{"_acf_changed":false,"footnotes":""},"categories":[108],"tags":[122,124,125,126],"class_list":["post-727","post","type-post","status-publish","format-standard","has-post-thumbnail","hentry","category-eventos","tag-seguranca","tag-protecao-perimetral","tag-seguranca-perimetral","tag-eventos"],"acf":[],"_links":{"self":[{"href":"https:\/\/www.alfasense.com.br\/en\/wp-json\/wp\/v2\/posts\/727","targetHints":{"allow":["GET"]}}],"collection":[{"href":"https:\/\/www.alfasense.com.br\/en\/wp-json\/wp\/v2\/posts"}],"about":[{"href":"https:\/\/www.alfasense.com.br\/en\/wp-json\/wp\/v2\/types\/post"}],"author":[{"embeddable":true,"href":"https:\/\/www.alfasense.com.br\/en\/wp-json\/wp\/v2\/users\/6"}],"replies":[{"embeddable":true,"href":"https:\/\/www.alfasense.com.br\/en\/wp-json\/wp\/v2\/comments?post=727"}],"version-history":[{"count":6,"href":"https:\/\/www.alfasense.com.br\/en\/wp-json\/wp\/v2\/posts\/727\/revisions"}],"predecessor-version":[{"id":1054,"href":"https:\/\/www.alfasense.com.br\/en\/wp-json\/wp\/v2\/posts\/727\/revisions\/1054"}],"wp:featuredmedia":[{"embeddable":true,"href":"https:\/\/www.alfasense.com.br\/en\/wp-json\/wp\/v2\/media\/966"}],"wp:attachment":[{"href":"https:\/\/www.alfasense.com.br\/en\/wp-json\/wp\/v2\/media?parent=727"}],"wp:term":[{"taxonomy":"category","embeddable":true,"href":"https:\/\/www.alfasense.com.br\/en\/wp-json\/wp\/v2\/categories?post=727"},{"taxonomy":"post_tag","embeddable":true,"href":"https:\/\/www.alfasense.com.br\/en\/wp-json\/wp\/v2\/tags?post=727"}],"curies":[{"name":"wp","href":"https:\/\/api.w.org\/{rel}","templated":true}]}}