{"id":1206,"date":"2026-09-01T10:38:33","date_gmt":"2026-09-01T13:38:33","guid":{"rendered":"https:\/\/www.alfasense.com.br\/?p=1206"},"modified":"2026-09-01T11:06:58","modified_gmt":"2026-09-01T14:06:58","slug":"eed-e-ped-o-que-esses-reconhecimentos-representam-para-a-defesa-e-a-soberania-do-brasil","status":"publish","type":"post","link":"https:\/\/www.alfasense.com.br\/en\/eed-e-ped-o-que-esses-reconhecimentos-representam-para-a-defesa-e-a-soberania-do-brasil\/","title":{"rendered":"EED e PED: o que esses reconhecimentos representam para a Defesa e a soberania do Brasil"},"content":{"rendered":"<figure class=\"wp-block-image size-large\"><img decoding=\"async\" width=\"1024\" height=\"708\" src=\"https:\/\/www.alfasense.com.br\/wp-content\/uploads\/2026\/09\/Banner-EED-copy-e1788271571131-1024x708.png\" alt=\"\" class=\"wp-image-1208\" srcset=\"https:\/\/www.alfasense.com.br\/wp-content\/uploads\/2026\/09\/Banner-EED-copy-e1788271571131-1024x708.png 1024w, https:\/\/www.alfasense.com.br\/wp-content\/uploads\/2026\/09\/Banner-EED-copy-e1788271571131-300x208.png 300w, https:\/\/www.alfasense.com.br\/wp-content\/uploads\/2026\/09\/Banner-EED-copy-e1788271571131-768x531.png 768w, https:\/\/www.alfasense.com.br\/wp-content\/uploads\/2026\/09\/Banner-EED-copy-e1788271571131-18x12.png 18w, https:\/\/www.alfasense.com.br\/wp-content\/uploads\/2026\/09\/Banner-EED-copy-e1788271571131.png 1194w\" sizes=\"(max-width: 1024px) 100vw, 1024px\" \/><\/figure>\n\n\n\n<p class=\"wp-block-paragraph\"><strong>Quando uma empresa ou uma tecnologia recebe o reconhecimento do Minist\u00e9rio da Defesa, o que isso significa na pr\u00e1tica?<\/strong><\/p>\n\n\n\n<p class=\"wp-block-paragraph\"><strong>As siglas EED \u2014 Empresa Estrat\u00e9gica de Defesa \u2014 e PED \u2014 Produto Estrat\u00e9gico de Defesa ajudam a identificar empresas e solu\u00e7\u00f5es que possuem relev\u00e2ncia estrat\u00e9gica para o pa\u00eds.<\/strong><\/p>\n\n\n\n<p class=\"wp-block-paragraph\"><strong>A EED est\u00e1 relacionada \u00e0 empresa.<\/strong><\/p>\n\n\n\n<p class=\"wp-block-paragraph\">Para receber esse credenciamento, \u00e9 necess\u00e1rio atender a requisitos espec\u00edficos, como manter no Brasil sua sede, administra\u00e7\u00e3o e capacidade produtiva, al\u00e9m de possuir conhecimento cient\u00edfico ou tecnol\u00f3gico relacionado a Produtos Estrat\u00e9gicos de Defesa e \u00e0 Base Industrial de Defesa.<\/p>\n\n\n\n<p class=\"wp-block-paragraph\">Na pr\u00e1tica, significa preservar no pa\u00eds conhecimento, engenharia, capacidade produtiva e dom\u00ednio tecnol\u00f3gico.<\/p>\n\n\n\n<p class=\"wp-block-paragraph\"><strong>J\u00e1 o PED est\u00e1 relacionado ao produto.<\/strong><\/p>\n\n\n\n<p class=\"wp-block-paragraph\">O Produto Estrat\u00e9gico de Defesa \u00e9 aquele considerado de interesse estrat\u00e9gico para a Defesa Nacional, seja por seu conte\u00fado tecnol\u00f3gico, pela dificuldade de obten\u00e7\u00e3o ou por sua import\u00e2ncia para aplica\u00e7\u00f5es estrat\u00e9gicas.<\/p>\n\n\n\n<p class=\"wp-block-paragraph\">Uma forma simples de entender essa rela\u00e7\u00e3o \u00e9:<\/p>\n\n\n\n<p class=\"wp-block-paragraph\"><strong>EED \u00e9 sobre quem desenvolve.<\/strong><strong><br><\/strong><strong>PED \u00e9 sobre o que \u00e9 desenvolvido.<\/strong><\/p>\n\n\n\n<h3 class=\"wp-block-heading\"><strong>Por que isso \u00e9 importante?<\/strong><\/h3>\n\n\n\n<p class=\"wp-block-paragraph\">Quando falamos de Defesa, infraestrutura cr\u00edtica e prote\u00e7\u00e3o de ativos estrat\u00e9gicos, ter capacidade nacional para desenvolver, fabricar, adaptar e evoluir tecnologias contribui para reduzir depend\u00eancias externas e fortalecer a autonomia tecnol\u00f3gica do Brasil.<\/p>\n\n\n\n<p class=\"wp-block-paragraph\">Mas o valor desses reconhecimentos pode ir al\u00e9m do setor de Defesa.<\/p>\n\n\n\n<p class=\"wp-block-paragraph\"><strong>No mercado p\u00fablico<\/strong>, refor\u00e7am a capacidade da empresa de desenvolver e produzir no Brasil tecnologias voltadas a ambientes estrat\u00e9gicos e de alta criticidade.<\/p>\n\n\n\n<p class=\"wp-block-paragraph\"><strong>No mercado privado<\/strong>, agrega uma importante camada de credibilidade, confian\u00e7a e percep\u00e7\u00e3o de robustez tecnol\u00f3gica, especialmente para organiza\u00e7\u00f5es que precisam proteger opera\u00e7\u00f5es e ativos de alto valor.<\/p>\n\n\n\n<p class=\"wp-block-paragraph\"><strong>Ind\u00fastrias, empresas de energia, minera\u00e7\u00e3o, log\u00edstica, aeroportos e grandes empreendimentos, por exemplo, tamb\u00e9m operam em ambientes nos quais a confiabilidade, continuidade operacional e qualidade da informa\u00e7\u00e3o s\u00e3o essenciais.<\/strong><\/p>\n\n\n\n<p class=\"wp-block-paragraph\">\u00c9 justamente a\u00ed que os dois mercados se encontram: a tecnologia desenvolvida para desafios estrat\u00e9gicos de Defesa tamb\u00e9m pode responder aos desafios de prote\u00e7\u00e3o de infraestruturas cr\u00edticas e per\u00edmetros complexos do mercado civil.<\/p>\n\n\n\n<p class=\"wp-block-paragraph\">Para a A\\SENSE, o reconhecimento como EED e de suas tecnologias como PED representa, portanto, mais do que uma conquista institucional.<\/p>\n\n\n\n<p class=\"wp-block-paragraph\">Refor\u00e7a uma trajet\u00f3ria iniciada em 2018, com pesquisa, desenvolvimento e fabrica\u00e7\u00e3o realizados no Brasil, e amplia a responsabilidade de continuar investindo em inova\u00e7\u00e3o, novas capacidades e tecnologias capazes de proteger ativos cada vez mais estrat\u00e9gicos.<\/p>\n\n\n\n<p class=\"wp-block-paragraph\"><strong>Porque desenvolver tecnologia estrat\u00e9gica no Brasil tamb\u00e9m \u00e9 uma forma de defender o Brasil.<\/strong><br><br><a href=\"https:\/\/www.in.gov.br\/web\/dou\/-\/portaria-gm-md-n-4.433-de-27-de-agosto-de-2026-728578264\">https:\/\/www.in.gov.br\/web\/dou\/-\/portaria-gm-md-n-4.433-de-27-de-agosto-de-2026-728578264<\/a><\/p>","protected":false},"excerpt":{"rendered":"<p>Quando uma empresa ou uma tecnologia recebe o reconhecimento do Minist\u00e9rio [&hellip;]<\/p>\n","protected":false},"author":6,"featured_media":1208,"comment_status":"closed","ping_status":"open","sticky":false,"template":"","format":"standard","meta":{"_acf_changed":false,"footnotes":""},"categories":[120],"tags":[],"class_list":["post-1206","post","type-post","status-publish","format-standard","has-post-thumbnail","hentry","category-imprensa"],"acf":[],"_links":{"self":[{"href":"https:\/\/www.alfasense.com.br\/en\/wp-json\/wp\/v2\/posts\/1206","targetHints":{"allow":["GET"]}}],"collection":[{"href":"https:\/\/www.alfasense.com.br\/en\/wp-json\/wp\/v2\/posts"}],"about":[{"href":"https:\/\/www.alfasense.com.br\/en\/wp-json\/wp\/v2\/types\/post"}],"author":[{"embeddable":true,"href":"https:\/\/www.alfasense.com.br\/en\/wp-json\/wp\/v2\/users\/6"}],"replies":[{"embeddable":true,"href":"https:\/\/www.alfasense.com.br\/en\/wp-json\/wp\/v2\/comments?post=1206"}],"version-history":[{"count":5,"href":"https:\/\/www.alfasense.com.br\/en\/wp-json\/wp\/v2\/posts\/1206\/revisions"}],"predecessor-version":[{"id":1219,"href":"https:\/\/www.alfasense.com.br\/en\/wp-json\/wp\/v2\/posts\/1206\/revisions\/1219"}],"wp:featuredmedia":[{"embeddable":true,"href":"https:\/\/www.alfasense.com.br\/en\/wp-json\/wp\/v2\/media\/1208"}],"wp:attachment":[{"href":"https:\/\/www.alfasense.com.br\/en\/wp-json\/wp\/v2\/media?parent=1206"}],"wp:term":[{"taxonomy":"category","embeddable":true,"href":"https:\/\/www.alfasense.com.br\/en\/wp-json\/wp\/v2\/categories?post=1206"},{"taxonomy":"post_tag","embeddable":true,"href":"https:\/\/www.alfasense.com.br\/en\/wp-json\/wp\/v2\/tags?post=1206"}],"curies":[{"name":"wp","href":"https:\/\/api.w.org\/{rel}","templated":true}]}}