{"id":1124,"date":"2025-12-15T22:15:54","date_gmt":"2025-12-16T01:15:54","guid":{"rendered":"https:\/\/www.alfasense.com.br\/?p=1124"},"modified":"2025-12-15T22:17:03","modified_gmt":"2025-12-16T01:17:03","slug":"asense-e-modus-inauguram-nucleo-de-inovacao-e-tecnologias-integradas-em-sao-paulo","status":"publish","type":"post","link":"https:\/\/www.alfasense.com.br\/en\/asense-e-modus-inauguram-nucleo-de-inovacao-e-tecnologias-integradas-em-sao-paulo\/","title":{"rendered":"A\\Sense e Modus inauguram N\u00facleo de Inova\u00e7\u00e3o e Tecnologias Integradas em S\u00e3o Paulo"},"content":{"rendered":"<p><em>Espa\u00e7o funcionar\u00e1 como um hub de conhecimento e experimenta\u00e7\u00e3o tecnol\u00f3gica, voltado \u00e0 forma\u00e7\u00e3o pr\u00e1tica de profissionais e \u00e0 converg\u00eancia de sistemas de seguran\u00e7a.<\/em><\/p>\n\n\n\n<p>A&nbsp;<strong>A\\Sense<\/strong>, refer\u00eancia nacional em solu\u00e7\u00f5es de defesa perimetral baseadas em sensoriamento \u00f3ptico, e o Modus \u2013 Centro de Forma\u00e7\u00e3o e Capacita\u00e7\u00e3o de Vigilantes \u2013 firmaram uma parceria estrat\u00e9gica para a cria\u00e7\u00e3o do N\u00facleo de Inova\u00e7\u00e3o e Tecnologias Integradas (NITI). A inaugura\u00e7\u00e3o ser\u00e1 realizada no dia 21 de outubro (ter\u00e7a-feira), \u00e0s 15h, na unidade do Modus, localizada na Rua Ribeiro Lima, 308 \u2013 Luz, S\u00e3o Paulo (SP).<\/p>\n\n\n\n<p>O espa\u00e7o foi concebido para fomentar a integra\u00e7\u00e3o entre ensino, inova\u00e7\u00e3o e tecnologia, aproximando a forma\u00e7\u00e3o profissional da realidade pr\u00e1tica do setor. O NITI reunir\u00e1, em um \u00fanico ambiente, os principais sistemas e equipamentos utilizados em seguran\u00e7a eletr\u00f4nica, possibilitando que alunos e profissionais experimentem a interoperabilidade entre diferentes solu\u00e7\u00f5es.<\/p>\n\n\n\n<p>\u201cO NITI nasce como um centro de integra\u00e7\u00e3o tecnol\u00f3gica, um ambiente colaborativo que conecta conhecimento e pr\u00e1tica. Aqui, os alunos poder\u00e3o vivenciar como as tecnologias se comunicam entre si, ampliando sua qualifica\u00e7\u00e3o e compreens\u00e3o sobre o ecossistema de seguran\u00e7a moderna\u201d, destaca Clayton Magno, diretor executivo do Modus.<\/p>\n\n\n\n<p>De acordo com Hamilton Luiz, CEO da&nbsp;<strong>A\\Sense<\/strong>, a iniciativa refor\u00e7a o prop\u00f3sito da empresa em democratizar o acesso ao conhecimento t\u00e9cnico e demonstrar, na pr\u00e1tica, o potencial de integra\u00e7\u00e3o das solu\u00e7\u00f5es de defesa perimetral com outras tecnologias de seguran\u00e7a.<\/p>\n\n\n\n<p>&nbsp;\u201cA defesa perimetral \u00e9 um componente essencial na prote\u00e7\u00e3o de ativos de alto valor. Nosso objetivo \u00e9 mostrar que, quando integrada a sistemas como c\u00e2meras inteligentes, alarmes, drones e plataformas anal\u00edticas, ela se transforma em uma solu\u00e7\u00e3o completa de alt\u00edssimo desempenho e uma aliada poderosa no trabalho di\u00e1rio dos agentes de seguran\u00e7a\u201d, afirma Hamilton.&nbsp;<\/p>\n\n\n\n<p>O NITI funcionar\u00e1 como um showroom tecnol\u00f3gico e centro de capacita\u00e7\u00e3o, onde ser\u00e3o exibidas e aplicadas, de forma integrada, solu\u00e7\u00f5es de diferentes fabricantes.<\/p>\n\n\n\n<p>Dentre as solu\u00e7\u00f5es da&nbsp;<strong>A\\Sense<\/strong>&nbsp;que ser\u00e3o apresentadas no espa\u00e7o e servir\u00e3o para o treinamento dos alunos, Hamilton destaca o Fence Lite MAX\u00ae, tecnologia de defesa perimetral com n\u00edvel de seguran\u00e7a militar, projetado para atender \u00e0s demandas mais exigentes do setor p\u00fablico no Brasil, o Fence Lite\u00ae para pequenos e m\u00e9dios per\u00edmetros e o Fence Smart\u00ae, para per\u00edmetros maiores com duas vers\u00f5es do equipamento para atender at\u00e9 10 ou 20 km com zonas virtuais ilimitadas e geolocaliza\u00e7\u00e3o precisa do evento.<\/p>\n\n\n\n<p>\u201cOs sistemas de defesa da A\\Sense s\u00e3o capazes de identificar padr\u00f5es ocultos, prever comportamentos suspeitos e eliminar vulnerabilidades&nbsp;antes&nbsp;que se transformem em amea\u00e7as concretas\u201d, refor\u00e7ou o CEO.<\/p>\n\n\n\n<p>Magno explica que o ambiente tamb\u00e9m servir\u00e1 como um laborat\u00f3rio de treinamento cont\u00ednuo para profissionais de seguran\u00e7a privada, permitindo que conhe\u00e7am e operem tecnologias que encontrar\u00e3o no mercado, desde sistemas de vigil\u00e2ncia com an\u00e1lise de v\u00eddeo at\u00e9 tecnologias de defesa perimetral baseadas em fibra \u00f3ptica.<\/p>\n\n\n\n<p>\u201cO projeto nasceu da uni\u00e3o de empresas que compartilham o mesmo prop\u00f3sito: agregar valor ao segmento de seguran\u00e7a privada por meio da inova\u00e7\u00e3o, da capacita\u00e7\u00e3o e da integra\u00e7\u00e3o tecnol\u00f3gica\u201d, complementa o diretor executivo do Modus.<\/p>\n\n\n\n<p><strong>Servi\u00e7o<\/strong><\/p>\n\n\n\n<p><strong>Inaugura\u00e7\u00e3o do N\u00facleo de Inova\u00e7\u00e3o e Tecnologias Integradas (NITI)<\/strong><\/p>\n\n\n\n<p>Data e hor\u00e1rio:&nbsp;21 de outubro (ter\u00e7a-feira), \u00e0s 15h,<\/p>\n\n\n\n<p>Local:&nbsp;Unidade Modus I Centro &#8211; Rua Ribeiro Lima, 308 \u2013 Luz, S\u00e3o Paulo (SP).<\/p>\n\n\n\n<p>Fonte: <a href=\"https:\/\/www.w3noticias.com.br\/2025\/10\/asense-e-modus-inauguram-nucleo-de.html\">https:\/\/www.w3noticias.com.br\/2025\/10\/asense-e-modus-inauguram-nucleo-de.html<\/a><\/p>","protected":false},"excerpt":{"rendered":"<p>Espa\u00e7o funcionar\u00e1 como um hub de conhecimento e experimenta\u00e7\u00e3o tecnol\u00f3gica, voltado [&hellip;]<\/p>\n","protected":false},"author":6,"featured_media":1126,"comment_status":"closed","ping_status":"open","sticky":false,"template":"","format":"standard","meta":{"_acf_changed":false,"footnotes":""},"categories":[119],"tags":[],"class_list":["post-1124","post","type-post","status-publish","format-standard","has-post-thumbnail","hentry","category-midia"],"acf":[],"_links":{"self":[{"href":"https:\/\/www.alfasense.com.br\/en\/wp-json\/wp\/v2\/posts\/1124","targetHints":{"allow":["GET"]}}],"collection":[{"href":"https:\/\/www.alfasense.com.br\/en\/wp-json\/wp\/v2\/posts"}],"about":[{"href":"https:\/\/www.alfasense.com.br\/en\/wp-json\/wp\/v2\/types\/post"}],"author":[{"embeddable":true,"href":"https:\/\/www.alfasense.com.br\/en\/wp-json\/wp\/v2\/users\/6"}],"replies":[{"embeddable":true,"href":"https:\/\/www.alfasense.com.br\/en\/wp-json\/wp\/v2\/comments?post=1124"}],"version-history":[{"count":1,"href":"https:\/\/www.alfasense.com.br\/en\/wp-json\/wp\/v2\/posts\/1124\/revisions"}],"predecessor-version":[{"id":1125,"href":"https:\/\/www.alfasense.com.br\/en\/wp-json\/wp\/v2\/posts\/1124\/revisions\/1125"}],"wp:featuredmedia":[{"embeddable":true,"href":"https:\/\/www.alfasense.com.br\/en\/wp-json\/wp\/v2\/media\/1126"}],"wp:attachment":[{"href":"https:\/\/www.alfasense.com.br\/en\/wp-json\/wp\/v2\/media?parent=1124"}],"wp:term":[{"taxonomy":"category","embeddable":true,"href":"https:\/\/www.alfasense.com.br\/en\/wp-json\/wp\/v2\/categories?post=1124"},{"taxonomy":"post_tag","embeddable":true,"href":"https:\/\/www.alfasense.com.br\/en\/wp-json\/wp\/v2\/tags?post=1124"}],"curies":[{"name":"wp","href":"https:\/\/api.w.org\/{rel}","templated":true}]}}